{"id":1193,"date":"2016-06-05T20:00:57","date_gmt":"2016-06-05T18:00:57","guid":{"rendered":"http:\/\/germaniahorstmar.de\/leichtathletik\/?p=1193"},"modified":"2016-12-23T01:26:58","modified_gmt":"2016-12-23T00:26:58","slug":"kreis-einzelmeisterschaften-in-rheine","status":"publish","type":"post","link":"https:\/\/germaniahorstmar.de\/leichtathletik\/20160605-kreis-einzelmeisterschaften-in-rheine\/","title":{"rendered":"Kreis-Einzelmeisterschaften in Rheine"},"content":{"rendered":"<p>Drei Kreismeistertitel und einige neue Bestleistungen f\u00fcr die Athleten des TuS Germania Horstmar bei den Kreiseinzelmeisterschaften in Rheine am vergangenen Samstag.<\/p>\n<p><!--more--><\/p>\n<h3><span style=\"color: #0000ff;\">40 Meter und Titel f\u00fcr Marcel Reisch<\/span><\/h3>\n<p>Marcel Reisch, eigentlich M13, ging in der Altersklasse M14 an den Start und sicherte sich gleich in der ersten Disziplin, dem Ballwurf, mit einer Weite von 40,00m den Kreismeistertitel. Au\u00dferdem wurde er zweiter im Hochsprung mit einer H\u00f6he von 1,35m. Im Weitsprung erreichte er Platz 4.<br \/>\nIn der Altersklasse W14 w<span class=\"text_exposed_show\">urde Marie Hellmann zwei mal Vizemeisterin mit neuer pers\u00f6nlicher Bestleistung (Weitsprung 4,98m und 80m H\u00fcrden 13,61sek.). Im 100m Lauf erreichte sie Platz 4.<br \/>\nEbenfalls auf dem Siegerpodest befand sich Franziska Lenz (W15). Denn sie wurde Vizemeisterin im Weitsprung und sicherte sich au\u00dferdem Platz 3 im 100m Lauf mit neuer Bestleistung von 14,03sek.<br \/>\n<\/span><\/p>\n<h3><span style=\"color: #0000ff;\">Kreismeistertitel f\u00fcr Startgemeinschaft<\/span><\/h3>\n<p><span class=\"text_exposed_show\">Im Rahmen der Startgemeinschaft liefen Marie und Franziska zusammen mit Sarah Leskow und Laura K\u00f6ster die 4x100m Staffel. In einer Zeit von 52,77sek. sicherten sich die M\u00e4dchen den Kreismeistertitel.<br \/>\nIn der Altersklasse U18 vertraten Lea Sunke und Lena Z\u00f6rner den TuS. \u00dcber die 200m wurde Lea Vizemeisterin, genau wie im Dreisprung. Lena sicherte sich im Hochsprung mit einer H\u00f6he von 1,40m ebenfalls den Vizemeistertitel.<br \/>\n\u00c4ltester Starter f\u00fcr den TuS war an diesem Tag Lukas D\u00f6mer. Auch er lief die 200m und wurde Kreismeister in einer Zeit von 24,62sek.<\/span><\/p>\n<div class=\"text_exposed_show\">\n<p>Am kommenden Wochenende starten einige der Horstmarer Leichtathleten\/ -athletinnen bei den M\u00fcnsterlandmeisterschaften in Olfen.<\/p>\n<\/div>\n","protected":false},"excerpt":{"rendered":"<p>Drei Kreismeistertitel und einige neue Bestleistungen f\u00fcr die Athleten des TuS Germania Horstmar bei den Kreiseinzelmeisterschaften in Rheine am vergangenen Samstag.<\/p>\n","protected":false},"author":1,"featured_media":1196,"comment_status":"open","ping_status":"open","sticky":false,"template":"","format":"standard","meta":{"footnotes":""},"categories":[2],"tags":[10,8,24,16,22,14,7,15],"class_list":["post-1193","post","type-post","status-publish","format-standard","has-post-thumbnail","hentry","category-wettkaempfe","tag-franziska-lenz","tag-laura-koester","tag-lea-sunke","tag-lena-zoerner","tag-lukas-doemer","tag-marcel-reisch","tag-marie-hellmann","tag-startgemeinschaft"],"_links":{"self":[{"href":"https:\/\/germaniahorstmar.de\/leichtathletik\/wp-json\/wp\/v2\/posts\/1193","targetHints":{"allow":["GET"]}}],"collection":[{"href":"https:\/\/germaniahorstmar.de\/leichtathletik\/wp-json\/wp\/v2\/posts"}],"about":[{"href":"https:\/\/germaniahorstmar.de\/leichtathletik\/wp-json\/wp\/v2\/types\/post"}],"author":[{"embeddable":true,"href":"https:\/\/germaniahorstmar.de\/leichtathletik\/wp-json\/wp\/v2\/users\/1"}],"replies":[{"embeddable":true,"href":"https:\/\/germaniahorstmar.de\/leichtathletik\/wp-json\/wp\/v2\/comments?post=1193"}],"version-history":[{"count":2,"href":"https:\/\/germaniahorstmar.de\/leichtathletik\/wp-json\/wp\/v2\/posts\/1193\/revisions"}],"predecessor-version":[{"id":1197,"href":"https:\/\/germaniahorstmar.de\/leichtathletik\/wp-json\/wp\/v2\/posts\/1193\/revisions\/1197"}],"wp:featuredmedia":[{"embeddable":true,"href":"https:\/\/germaniahorstmar.de\/leichtathletik\/wp-json\/wp\/v2\/media\/1196"}],"wp:attachment":[{"href":"https:\/\/germaniahorstmar.de\/leichtathletik\/wp-json\/wp\/v2\/media?parent=1193"}],"wp:term":[{"taxonomy":"category","embeddable":true,"href":"https:\/\/germaniahorstmar.de\/leichtathletik\/wp-json\/wp\/v2\/categories?post=1193"},{"taxonomy":"post_tag","embeddable":true,"href":"https:\/\/germaniahorstmar.de\/leichtathletik\/wp-json\/wp\/v2\/tags?post=1193"}],"curies":[{"name":"wp","href":"https:\/\/api.w.org\/{rel}","templated":true}]}}