{"id":2065,"date":"2018-08-01T14:02:56","date_gmt":"2018-08-01T12:02:56","guid":{"rendered":"http:\/\/germaniahorstmar.de\/leichtathletik\/?p=2065"},"modified":"2018-08-01T20:58:55","modified_gmt":"2018-08-01T18:58:55","slug":"marcel-reisch-fuer-laendervergleichswettkampf-nominiert","status":"publish","type":"post","link":"https:\/\/germaniahorstmar.de\/leichtathletik\/20180801-marcel-reisch-fuer-laendervergleichswettkampf-nominiert\/","title":{"rendered":"Marcel Reisch f\u00fcr L\u00e4ndervergleichswettkampf nominiert"},"content":{"rendered":"<p>F\u00fcr die meisten Horstmarer Athleten neigt sich die Saison 2018 so langsam dem Ende zu, jedoch nicht f\u00fcr Marcel Reisch. Denn neben den bald anstehenden Deutschen Jugend Meisterschaften wurde der 15-j\u00e4hrige f\u00fcr den U16-L\u00e4ndervergleichskampf zwischen Nordrhein-Westfalen und den Niederlanden nominiert. Er startet in seinen beiden K\u00f6nigsdisziplinen dem Speer- und dem Diskuswurf, in denen er auch jeweils den NRW-Meistertitel holte. Damit ist Marcel neben Franziska Kalde (2010), Malte R\u00f6ttgermann (2011) und Fabienne Kreimer (2012) der vierte Horstmarer Athlet, der NRW auf internationaler Ebene vertreten darf. Wer sich die W\u00fcrfe von Marcel ansehen und ihn unterst\u00fctzen m\u00f6chte, der muss nicht weit fahren. Der Wettkampf steigt am 01. September 2018 in M\u00fcnster auf der Sportanlage der Westf\u00e4lischen Wilhelms-Universit\u00e4t am Horstmarer Landweg. Der Diskuswurf beginnt um 14.30 Uhr, der Speerwurf eine Stunde sp\u00e4ter um 15.30 Uhr.<\/p>\n<h2>Vorbereitungen auf die Deutschen Meisterschaften laufen<\/h2>\n<p>Zudem d\u00fcrfen Marcel Reisch und Henrik Lindstrot auch bei den derzeit hohen Temperaturen im Training noch einmal alles geben, um sich auf die Deutschen U16 Meisterschaften vorzubereiten. Neben Marie Hellmann, die im letzten Jahr an diesen Meisterschaften teilnhemen durfte, Fenja Gude, die 2007 und 2008 das Gl\u00fcck hatte teilnehmen zu d\u00fcrfen und Daniel Pugge, sind Marcel und Henrik nun die n\u00e4chsten m\u00e4nnlichen Vertreter des TuS auf der h\u00f6chsten nationalen Meisterschaft.<br \/>\nDiese finden am 18. und 19. August in Wattenscheid statt. Den Anfang wird Marcel am Samstag um 13:30 Uhr mit dem Diskus Finale machen. Danach startet Henrik um 15:00 Uhr im 800m Vorlauf. Wenn alles glatt l\u00e4uft, kann Henrik sich in diesem Lauf f\u00fcr das am Sonntag um 13:35 Uhr stattfindende Finale \u00fcber diese Distanz qualifizieren. Die Live-Ergebnisse k\u00f6nnen auf der Internetseite des DLV unter <a href=\"https:\/\/www.leichtathletik.de\/\">leichtathletik.de<\/a> mitverfolgt werden.<\/p>\n<p>Dass in den letzten zwei Jahren gleich drei Horstmarer Athleten den Sprung zu den Deutschen Meisterschaften geschafft haben ist vor allem der hervorragenden Trainingsarbeit im Jugendbereich durch Vera Kelliger, Fenja Gude, Anke Tschache und Sebastian Schlusen zu verdanken. Alle vier nehmen regelm\u00e4\u00dfig an Aus- und Fortbildungen teil, um ihren Horizont zu erweitern und mit immer wieder neu gewonnenen Erkentnissen \u00fcber Trainingsmethoden den Trainingsalltag zu verbessern.<\/p>\n<h2>Saison neigt sich dem Ende zu<\/h2>\n<p>F\u00fcr die anderen Horstmarer Sportler sind die Meisterschaften so gut wie abgehackt und die Saison 2018 neigt sich dem Ende zu. Neben den Deutschen Jugend Meisterschaften und dem L\u00e4ndervergleichskampf stehen lediglich noch die Kreismehrkampfmeisterschaften am 15.\/16. September im Jahnstadion in Rheine an. F\u00fcr die M\u00e4dchen der U14 steht am Wochenende des 23.\/24.09. noch eine Reise nach Kreuztal an, um sich bei dem DJMM Endkampf unter Beweis zu stellen. F\u00fcr diesen haben sie sich derzeit als Dritter qualifiziert.<\/p>\n","protected":false},"excerpt":{"rendered":"<p>F\u00fcr die meisten Horstmarer Athleten neigt sich die Saison 2018 so langsam dem Ende zu, jedoch nicht f\u00fcr Marcel Reisch. Denn neben den bald anstehenden Deutschen Jugend Meisterschaften wurde der 15-j\u00e4hrige f\u00fcr den U16-L\u00e4ndervergleichskampf zwischen Nordrhein-Westfalen und den Niederlanden nominiert. Er startet in seinen beiden K\u00f6nigsdisziplinen dem Speer- und dem<span class=\"excerpt-hellip\"> [\u2026]<\/span><\/p>\n","protected":false},"author":5,"featured_media":2068,"comment_status":"open","ping_status":"open","sticky":false,"template":"","format":"standard","meta":{"footnotes":""},"categories":[1],"tags":[34,53,14],"class_list":["post-2065","post","type-post","status-publish","format-standard","has-post-thumbnail","hentry","category-allgemein","tag-franziska-kalde","tag-henrik-lindstrot","tag-marcel-reisch"],"_links":{"self":[{"href":"https:\/\/germaniahorstmar.de\/leichtathletik\/wp-json\/wp\/v2\/posts\/2065","targetHints":{"allow":["GET"]}}],"collection":[{"href":"https:\/\/germaniahorstmar.de\/leichtathletik\/wp-json\/wp\/v2\/posts"}],"about":[{"href":"https:\/\/germaniahorstmar.de\/leichtathletik\/wp-json\/wp\/v2\/types\/post"}],"author":[{"embeddable":true,"href":"https:\/\/germaniahorstmar.de\/leichtathletik\/wp-json\/wp\/v2\/users\/5"}],"replies":[{"embeddable":true,"href":"https:\/\/germaniahorstmar.de\/leichtathletik\/wp-json\/wp\/v2\/comments?post=2065"}],"version-history":[{"count":2,"href":"https:\/\/germaniahorstmar.de\/leichtathletik\/wp-json\/wp\/v2\/posts\/2065\/revisions"}],"predecessor-version":[{"id":2070,"href":"https:\/\/germaniahorstmar.de\/leichtathletik\/wp-json\/wp\/v2\/posts\/2065\/revisions\/2070"}],"wp:featuredmedia":[{"embeddable":true,"href":"https:\/\/germaniahorstmar.de\/leichtathletik\/wp-json\/wp\/v2\/media\/2068"}],"wp:attachment":[{"href":"https:\/\/germaniahorstmar.de\/leichtathletik\/wp-json\/wp\/v2\/media?parent=2065"}],"wp:term":[{"taxonomy":"category","embeddable":true,"href":"https:\/\/germaniahorstmar.de\/leichtathletik\/wp-json\/wp\/v2\/categories?post=2065"},{"taxonomy":"post_tag","embeddable":true,"href":"https:\/\/germaniahorstmar.de\/leichtathletik\/wp-json\/wp\/v2\/tags?post=2065"}],"curies":[{"name":"wp","href":"https:\/\/api.w.org\/{rel}","templated":true}]}}