{"id":2145,"date":"2018-11-03T22:17:12","date_gmt":"2018-11-03T21:17:12","guid":{"rendered":"http:\/\/germaniahorstmar.de\/leichtathletik\/?p=2145"},"modified":"2018-11-03T22:23:59","modified_gmt":"2018-11-03T21:23:59","slug":"tus-athleten-erhalten-berufung-fuer-den-dlv-bundeskader","status":"publish","type":"post","link":"https:\/\/germaniahorstmar.de\/leichtathletik\/20181103-tus-athleten-erhalten-berufung-fuer-den-dlv-bundeskader\/","title":{"rendered":"TuS-Athleten erhalten Berufung f\u00fcr den DLV-Bundeskader"},"content":{"rendered":"<p>Im Laufe der letzten Woche erhielten Henrik Lindstrot und Marcel Reisch (beide Jahrgang 2003) ein Berufungsschreiben f\u00fcr den DLV-Bundeskader in der Altersklasse U18, dem sogenannten Nachwuchskader 2 (im Folgenden NK2).<\/p>\n<p>Aufgrund der hervorragenden Leistungen, die die beiden jungen Athleten in der Saison 2018 erbracht haben, wurde der Bundestrainer J\u00f6rg Peter auf sie aufmerksam. Peter ist Trainer der U18 Nationalmannschaft. In dieser Altersklasse starten Henrik und Marcel erstmals im n\u00e4chsten Jahr. Mit der Berufung in den NK2 geh\u00f6ren die beiden Jungen damit dem Team der U18-Nationalmannschaft 2019 und 2020 an.<\/p>\n<p>Ein erstes Kennenlernen soll nun im Fair Play Camp in Saarbr\u00fccken stattfinden. Neben Informationen zu den internationalen Meisterschaften 2019 soll es Workshops zum Thema Fair Play und Anti Doping geben. Trainingseinheiten kommen nat\u00fcrlich auch nicht zu kurz. Au\u00dferdem m\u00fcssen sich die beiden Jungen dem DLV-Talenttest stellen, der im letzten Jahr eingef\u00fchrt wurde. Die Ergebnisse des Tests dienen der Leistungsdiagnostik und sollen im Weiteren Aufschl\u00fcsse \u00fcber St\u00e4rken und Schw\u00e4chen der Athleten geben. Daraus resultierend kann im Training an die St\u00e4rken angekn\u00fcpft werden, Schw\u00e4chen hingegen k\u00f6nnen ausgebessert werden. Im M\u00e4rz 2019 soll eine weitere Kaderma\u00dfnahme im Bundesleistungszentrum in Kienbaum stattfinden. Hierzu werden dann auch die Heimtrainer eingeladen.<\/p>\n<p>\u201eIch bin absolut stolz darauf, dass es Henrik und Marcel so weit geschafft haben!\u201c, Freut sich auch Trainerin Fenja Gude \u00fcber die Berufung in den NK2 ihrer beiden Athleten.<\/p>\n<p>Nach dem Gewinn der Deutschen Meisterschaft im Diskuswurf der Altersklasse M15 durch Marcel und den zahlreichen NRW- und Westfalenmeistertiteln, die die beiden bereits gewinnen konnten, folgt mit der Berufung in den NK2 nun die n\u00e4chste Sensation. Das hat es beim TuS Germania Horstmar noch nicht gegeben. Mit Henrik und Marcel d\u00fcrfen sogar gleich zwei Horstmarer Athleten die Farben Deutschlands auf internationalen Meisterschaften vertreten. Ein Aush\u00e4ngeschild f\u00fcr die derzeit hervorragend funktionierende Jugendarbeit in der Leichtathletikabteilung des TuS.<\/p>\n","protected":false},"excerpt":{"rendered":"<p>Im Laufe der letzten Woche erhielten Henrik Lindstrot und Marcel Reisch (beide Jahrgang 2003) ein Berufungsschreiben f\u00fcr den DLV-Bundeskader in der Altersklasse U18, dem sogenannten Nachwuchskader 2 (im Folgenden NK2). Aufgrund der hervorragenden Leistungen, die die beiden jungen Athleten in der Saison 2018 erbracht haben, wurde der Bundestrainer J\u00f6rg Peter<span class=\"excerpt-hellip\"> [\u2026]<\/span><\/p>\n","protected":false},"author":2,"featured_media":2146,"comment_status":"open","ping_status":"open","sticky":false,"template":"","format":"standard","meta":{"footnotes":""},"categories":[1],"tags":[59,53,61,14,60],"class_list":["post-2145","post","type-post","status-publish","format-standard","has-post-thumbnail","hentry","category-allgemein","tag-dlv-bundeskader","tag-henrik-lindstrot","tag-leichtathletik-horstmar","tag-marcel-reisch","tag-nachwuchskader-2"],"_links":{"self":[{"href":"https:\/\/germaniahorstmar.de\/leichtathletik\/wp-json\/wp\/v2\/posts\/2145","targetHints":{"allow":["GET"]}}],"collection":[{"href":"https:\/\/germaniahorstmar.de\/leichtathletik\/wp-json\/wp\/v2\/posts"}],"about":[{"href":"https:\/\/germaniahorstmar.de\/leichtathletik\/wp-json\/wp\/v2\/types\/post"}],"author":[{"embeddable":true,"href":"https:\/\/germaniahorstmar.de\/leichtathletik\/wp-json\/wp\/v2\/users\/2"}],"replies":[{"embeddable":true,"href":"https:\/\/germaniahorstmar.de\/leichtathletik\/wp-json\/wp\/v2\/comments?post=2145"}],"version-history":[{"count":1,"href":"https:\/\/germaniahorstmar.de\/leichtathletik\/wp-json\/wp\/v2\/posts\/2145\/revisions"}],"predecessor-version":[{"id":2147,"href":"https:\/\/germaniahorstmar.de\/leichtathletik\/wp-json\/wp\/v2\/posts\/2145\/revisions\/2147"}],"wp:featuredmedia":[{"embeddable":true,"href":"https:\/\/germaniahorstmar.de\/leichtathletik\/wp-json\/wp\/v2\/media\/2146"}],"wp:attachment":[{"href":"https:\/\/germaniahorstmar.de\/leichtathletik\/wp-json\/wp\/v2\/media?parent=2145"}],"wp:term":[{"taxonomy":"category","embeddable":true,"href":"https:\/\/germaniahorstmar.de\/leichtathletik\/wp-json\/wp\/v2\/categories?post=2145"},{"taxonomy":"post_tag","embeddable":true,"href":"https:\/\/germaniahorstmar.de\/leichtathletik\/wp-json\/wp\/v2\/tags?post=2145"}],"curies":[{"name":"wp","href":"https:\/\/api.w.org\/{rel}","templated":true}]}}