{"id":2496,"date":"2019-11-19T10:00:10","date_gmt":"2019-11-19T09:00:10","guid":{"rendered":"http:\/\/germaniahorstmar.de\/leichtathletik\/?p=2496"},"modified":"2019-11-18T20:49:15","modified_gmt":"2019-11-18T19:49:15","slug":"portraetwoche-7","status":"publish","type":"post","link":"https:\/\/germaniahorstmar.de\/leichtathletik\/20191119-portraetwoche-7\/","title":{"rendered":"Portr\u00e4twoche"},"content":{"rendered":"<p>Im Nachtrag der Portr\u00e4twoche stellen wir euch heute unsere Trainerin Fenja Gude vor.<\/p>\n<p>Fenja ist die \u201eHeldin im Hintergrund\u201c und dank ihrer sehr guten Trainingsarbeit verdanken ihr zahlreiche Athleten und Athletinnen viele Erfolge bei den Kreis- und M\u00fcnsterlandmeisterschaften sowie bei den Westf\u00e4lischen-, den NRW- und den Deutschen Meisterschaften.<br \/>\nFenja selber kam schon fr\u00fch mit der Leichtathletik in Kontakt. Im Alter von sieben Jahren startete sie ihre erfolgreiche sportliche Karriere beim TuS Germania Horstmar. Ihre gr\u00f6\u00dften Erfolge waren dabei die Teilnahme an den Deutschen Meisterschaften im Mehrkampf in den Jahren 2007 und 2008, sowie einigen Platzierungen in den westf\u00e4lischen Bestenlisten.<br \/>\nIm Jahr 2012 stieg sie dann auch in die Trainerrolle ein und absolvierte im selben Jahr erfolgreich die C-Trainer Ausbildung. Von da an gestaltet Fenja ihr Training immer sehr abwechslungsreich, individuell und lehrreich. \u201eMit ihrer p\u00e4dagogischen wertvollen Art ist das Hauptanliegen von Fenja, dass die Sportler Spa\u00df am Training haben und der Teamgeist unter den Athleten gef\u00f6rdert wird. Zudem schafft sie es, mit ihrer Motivation, dass die Athleten immer bessere Leistungen erzielen.\u201c<\/p>\n<p>Durch ihre strukturierte Saisonplanung und die Organisation und Durchf\u00fchrung von j\u00e4hrlichen Trainingslagern auf Norderney, in M\u00fcnster oder in D\u00e4nemark gelingt es der angehenden Grundschullehrerin immer wieder neue Steigerungen und Erfolge auch auf \u00fcberregionaler Ebene zu erzielen. Dabei plant sie f\u00fcr jeden Sportler individuell das Trainingsprogramm und f\u00f6rdert jeden einzelnen Athleten nach seinen St\u00e4rken und Leistungen, die sich aus einer breiten Grundausbildung im Kindesalter ergeben haben.<br \/>\nUm ihren Athleten noch weiter Entwicklungsm\u00f6glichkeiten zu er\u00f6ffnen, bildet sich Fenja immer weiter fort. So schloss sie im Jahr 2018 ihren B-Trainer im Mehrkampf erfolgreich ab, den sie dieses Jahr noch um die B-Lizenz im Bereich Sprung erg\u00e4nzte. Zudem steht Fenja auch immer wieder im Kontakt zu anderen Trainern, dessen Austausch es ihr erm\u00f6glicht immer neue Ideen umzusetzen und somit ein abwechslungsreiches Training zu gestalten.<br \/>\nWir danken Fenja herzlichst f\u00fcr Ihre tolle Trainingsarbeit, die F\u00f6rderung des Teamgeistes und die vielen Stunden, die sie f\u00fcr die Athleten investiert. Danke Fenja!<\/p>\n<p>Verfasser: die Athleten<\/p>\n","protected":false},"excerpt":{"rendered":"<p>Im Nachtrag der Portr\u00e4twoche stellen wir euch heute unsere Trainerin Fenja Gude vor. Fenja ist die \u201eHeldin im Hintergrund\u201c und dank ihrer sehr guten Trainingsarbeit verdanken ihr zahlreiche Athleten und Athletinnen viele Erfolge bei den Kreis- und M\u00fcnsterlandmeisterschaften sowie bei den Westf\u00e4lischen-, den NRW- und den Deutschen Meisterschaften. Fenja selber<span class=\"excerpt-hellip\"> [\u2026]<\/span><\/p>\n","protected":false},"author":2,"featured_media":2506,"comment_status":"open","ping_status":"open","sticky":false,"template":"","format":"standard","meta":{"footnotes":""},"categories":[1],"tags":[],"class_list":["post-2496","post","type-post","status-publish","format-standard","has-post-thumbnail","hentry","category-allgemein"],"_links":{"self":[{"href":"https:\/\/germaniahorstmar.de\/leichtathletik\/wp-json\/wp\/v2\/posts\/2496","targetHints":{"allow":["GET"]}}],"collection":[{"href":"https:\/\/germaniahorstmar.de\/leichtathletik\/wp-json\/wp\/v2\/posts"}],"about":[{"href":"https:\/\/germaniahorstmar.de\/leichtathletik\/wp-json\/wp\/v2\/types\/post"}],"author":[{"embeddable":true,"href":"https:\/\/germaniahorstmar.de\/leichtathletik\/wp-json\/wp\/v2\/users\/2"}],"replies":[{"embeddable":true,"href":"https:\/\/germaniahorstmar.de\/leichtathletik\/wp-json\/wp\/v2\/comments?post=2496"}],"version-history":[{"count":3,"href":"https:\/\/germaniahorstmar.de\/leichtathletik\/wp-json\/wp\/v2\/posts\/2496\/revisions"}],"predecessor-version":[{"id":2508,"href":"https:\/\/germaniahorstmar.de\/leichtathletik\/wp-json\/wp\/v2\/posts\/2496\/revisions\/2508"}],"wp:featuredmedia":[{"embeddable":true,"href":"https:\/\/germaniahorstmar.de\/leichtathletik\/wp-json\/wp\/v2\/media\/2506"}],"wp:attachment":[{"href":"https:\/\/germaniahorstmar.de\/leichtathletik\/wp-json\/wp\/v2\/media?parent=2496"}],"wp:term":[{"taxonomy":"category","embeddable":true,"href":"https:\/\/germaniahorstmar.de\/leichtathletik\/wp-json\/wp\/v2\/categories?post=2496"},{"taxonomy":"post_tag","embeddable":true,"href":"https:\/\/germaniahorstmar.de\/leichtathletik\/wp-json\/wp\/v2\/tags?post=2496"}],"curies":[{"name":"wp","href":"https:\/\/api.w.org\/{rel}","templated":true}]}}