{"id":2652,"date":"2020-09-14T21:22:07","date_gmt":"2020-09-14T19:22:07","guid":{"rendered":"http:\/\/germaniahorstmar.de\/leichtathletik\/?p=2652"},"modified":"2020-09-14T21:22:08","modified_gmt":"2020-09-14T19:22:08","slug":"doppelter-erfolg-zum-saisonabschluss","status":"publish","type":"post","link":"https:\/\/germaniahorstmar.de\/leichtathletik\/20200914-doppelter-erfolg-zum-saisonabschluss\/","title":{"rendered":"Doppelter Erfolg zum Saisonabschluss"},"content":{"rendered":"\n<p>In der \u201eLate Season\u201c sammeln die Leichtathleten des TuS Germania Horstmar noch einmal Titel. Nach den Deutschen Jugendmeisterschaften am vergangenen Wochenende in Heilbronn, fanden nun die westf\u00e4lischen Jugend-Titelk\u00e4mpfe der Altersklassen U16 und U18 im Ischelandstadion in Hagen statt. Zu den guten Leistungen trug auch das athletenfreundliche Sp\u00e4tsommerwetter bei.<\/p>\n\n\n\n<p>So sicherte sich Lennart Lindstrot nach seinem 6. Platz in Heilbronn in Hagen nach einem starken Finish in neuer pers\u00f6nlicher Bestzeit von 1:58,86 min den Titel \u00fcber die 800m in der MJU18.<\/p>\n\n\n\n<p>Auch die Erfolgsstrecke seines Zwillingsbruders Henrik riss nach seinem Vizetitel in Heilbronn \u00fcber die 2000m Hindernisstrecke in Hagen nicht ab. Auf der 1500m Flachdistanz sicherte er sich den Titel in einer Zeit von 4:09,16 min. \u201eNicht meine beste Zeit, aber nach den Deutschen war die Luft ein bisschen raus. Jetzt habe ich auch erstmal eine Woche Laufverbot, um mich auszuruhen.\u201c<\/p>\n\n\n\n<p>Mit dabei waren auch Felix Uhlenbrock (M15) und Johanna Ruck (W14), die \u00fcber die 80m H\u00fcrden an den Start gingen. Ruck strauchelte bei ihrem ersten Start auf westf\u00e4lischen Einzelmeisterschaften an der zweiten H\u00fcrde und kam aus dem Rhythmus. Uhlenbrock hingegen lief ein sauberes Rennen und belohnte sich mit Platz 5 und neuer Bestzeit von 12,36 Sekunden.<\/p>\n","protected":false},"excerpt":{"rendered":"<p>In der \u201eLate Season\u201c sammeln die Leichtathleten des TuS Germania Horstmar noch einmal Titel. Nach den Deutschen Jugendmeisterschaften am vergangenen Wochenende in Heilbronn, fanden nun die westf\u00e4lischen Jugend-Titelk\u00e4mpfe der Altersklassen U16 und U18 im Ischelandstadion in Hagen statt. Zu den guten Leistungen trug auch das athletenfreundliche Sp\u00e4tsommerwetter bei. So sicherte<span class=\"excerpt-hellip\"> [\u2026]<\/span><\/p>\n","protected":false},"author":5,"featured_media":2653,"comment_status":"open","ping_status":"open","sticky":false,"template":"","format":"standard","meta":{"footnotes":""},"categories":[1],"tags":[36,53,31,52],"class_list":["post-2652","post","type-post","status-publish","format-standard","has-post-thumbnail","hentry","category-allgemein","tag-felix-uhlenbrock","tag-henrik-lindstrot","tag-johanna-ruck","tag-lennart-lindstrot"],"_links":{"self":[{"href":"https:\/\/germaniahorstmar.de\/leichtathletik\/wp-json\/wp\/v2\/posts\/2652","targetHints":{"allow":["GET"]}}],"collection":[{"href":"https:\/\/germaniahorstmar.de\/leichtathletik\/wp-json\/wp\/v2\/posts"}],"about":[{"href":"https:\/\/germaniahorstmar.de\/leichtathletik\/wp-json\/wp\/v2\/types\/post"}],"author":[{"embeddable":true,"href":"https:\/\/germaniahorstmar.de\/leichtathletik\/wp-json\/wp\/v2\/users\/5"}],"replies":[{"embeddable":true,"href":"https:\/\/germaniahorstmar.de\/leichtathletik\/wp-json\/wp\/v2\/comments?post=2652"}],"version-history":[{"count":1,"href":"https:\/\/germaniahorstmar.de\/leichtathletik\/wp-json\/wp\/v2\/posts\/2652\/revisions"}],"predecessor-version":[{"id":2654,"href":"https:\/\/germaniahorstmar.de\/leichtathletik\/wp-json\/wp\/v2\/posts\/2652\/revisions\/2654"}],"wp:featuredmedia":[{"embeddable":true,"href":"https:\/\/germaniahorstmar.de\/leichtathletik\/wp-json\/wp\/v2\/media\/2653"}],"wp:attachment":[{"href":"https:\/\/germaniahorstmar.de\/leichtathletik\/wp-json\/wp\/v2\/media?parent=2652"}],"wp:term":[{"taxonomy":"category","embeddable":true,"href":"https:\/\/germaniahorstmar.de\/leichtathletik\/wp-json\/wp\/v2\/categories?post=2652"},{"taxonomy":"post_tag","embeddable":true,"href":"https:\/\/germaniahorstmar.de\/leichtathletik\/wp-json\/wp\/v2\/tags?post=2652"}],"curies":[{"name":"wp","href":"https:\/\/api.w.org\/{rel}","templated":true}]}}