{"id":4132,"date":"2026-01-18T17:38:26","date_gmt":"2026-01-18T16:38:26","guid":{"rendered":"https:\/\/germaniahorstmar.de\/leichtathletik\/?p=4132"},"modified":"2026-01-18T17:38:27","modified_gmt":"2026-01-18T16:38:27","slug":"leichtathleten-der-lg-brillux-muenster-testen-erfolgreich-ihre-form-in-wattenscheid","status":"publish","type":"post","link":"https:\/\/germaniahorstmar.de\/leichtathletik\/20260118-leichtathleten-der-lg-brillux-muenster-testen-erfolgreich-ihre-form-in-wattenscheid\/","title":{"rendered":"Leichtathleten der LG Brillux M\u00fcnster testen erfolgreich ihre Form in Wattenscheid"},"content":{"rendered":"\n<p data-start=\"213\" data-end=\"576\">Die Leichtathleten des TuS Germania Horstmar, die f\u00fcr die LG Brillux M\u00fcnster an den Start gehen, nutzten am Sonntag einen Qualifikationswettkampf in Wattenscheid, um ihren aktuellen Leistungsstand zu \u00fcberpr\u00fcfen. Im Fokus stand dabei die Frage, ob bereits die Normen f\u00fcr die Deutschen U20-Hallenmeisterschaften im H\u00fcrdenlauf im Februar in Sindelfingen in Reichweite liegen.<\/p>\n<p data-start=\"578\" data-end=\"986\">In der Altersklasse WJU16 ging Eva Deitmaring an den Start. F\u00fcr sie stand weniger die Normerf\u00fcllung als vielmehr die Best\u00e4tigung ihrer guten Form im Vordergrund, mit Blick auf die anstehenden Westf\u00e4lischen Meisterschaften in zwei Wochen. \u00dcber die 60 m H\u00fcrdendistanz lief sie mit 10,13 Sekunden nur knapp an ihre pers\u00f6nliche Bestleistung von 10,06 Sekunden heran und zeigte damit, dass sie bestens vorbereitet ist.<\/p>\n<p data-start=\"988\" data-end=\"1329\">In der WJU20 \u00fcberzeugte Jenna Haudek mit einer deutlichen Leistungssteigerung. Sie verbesserte ihre pers\u00f6nliche Bestzeit auf starke 9,27 Sekunden und r\u00fcckte damit n\u00e4her an die geforderte Qualifikationsnorm von 9,10 Sekunden f\u00fcr die Deutschen Meisterschaften heran. Ihre Leistung unterstreicht die positive Entwicklung in dieser Hallensaison.<\/p>\n<p data-start=\"1331\" data-end=\"1681\">Bei den m\u00e4nnlichen U20-Athleten hatte Enno Kreimer zun\u00e4chst Pech. Durch ein Abrutschen im Startblock erwischte er keinen optimalen Start. Dennoch zeigte er gro\u00dfe k\u00e4mpferische Qualit\u00e4ten und konnte seine pers\u00f6nliche Bestleistung auf 8,86 Sekunden verbessern. Mit einem sauberen Start scheint auch f\u00fcr ihn die Norm von 8,50 Sekunden in greifbarer N\u00e4he.<\/p>\n<p data-start=\"1683\" data-end=\"1841\">Insgesamt pr\u00e4sentierten sich die Horstmarer Athleten in Wattenscheid in guter Fr\u00fchform und konnten wichtige Erkenntnisse f\u00fcr die kommenden Wettk\u00e4mpfe sammeln.<\/p>\n","protected":false},"excerpt":{"rendered":"<p>Die Leichtathleten des TuS Germania Horstmar, die f\u00fcr die LG Brillux M\u00fcnster an den Start gehen, nutzten am Sonntag einen Qualifikationswettkampf in Wattenscheid, um ihren aktuellen Leistungsstand zu \u00fcberpr\u00fcfen. Im Fokus stand dabei die Frage, ob bereits die Normen f\u00fcr die Deutschen U20-Hallenmeisterschaften im H\u00fcrdenlauf im Februar in Sindelfingen in<span class=\"excerpt-hellip\"> [\u2026]<\/span><\/p>\n","protected":false},"author":27,"featured_media":4133,"comment_status":"open","ping_status":"open","sticky":false,"template":"","format":"standard","meta":{"footnotes":""},"categories":[79],"tags":[],"class_list":["post-4132","post","type-post","status-publish","format-standard","has-post-thumbnail","hentry","category-sportfest"],"_links":{"self":[{"href":"https:\/\/germaniahorstmar.de\/leichtathletik\/wp-json\/wp\/v2\/posts\/4132","targetHints":{"allow":["GET"]}}],"collection":[{"href":"https:\/\/germaniahorstmar.de\/leichtathletik\/wp-json\/wp\/v2\/posts"}],"about":[{"href":"https:\/\/germaniahorstmar.de\/leichtathletik\/wp-json\/wp\/v2\/types\/post"}],"author":[{"embeddable":true,"href":"https:\/\/germaniahorstmar.de\/leichtathletik\/wp-json\/wp\/v2\/users\/27"}],"replies":[{"embeddable":true,"href":"https:\/\/germaniahorstmar.de\/leichtathletik\/wp-json\/wp\/v2\/comments?post=4132"}],"version-history":[{"count":1,"href":"https:\/\/germaniahorstmar.de\/leichtathletik\/wp-json\/wp\/v2\/posts\/4132\/revisions"}],"predecessor-version":[{"id":4134,"href":"https:\/\/germaniahorstmar.de\/leichtathletik\/wp-json\/wp\/v2\/posts\/4132\/revisions\/4134"}],"wp:featuredmedia":[{"embeddable":true,"href":"https:\/\/germaniahorstmar.de\/leichtathletik\/wp-json\/wp\/v2\/media\/4133"}],"wp:attachment":[{"href":"https:\/\/germaniahorstmar.de\/leichtathletik\/wp-json\/wp\/v2\/media?parent=4132"}],"wp:term":[{"taxonomy":"category","embeddable":true,"href":"https:\/\/germaniahorstmar.de\/leichtathletik\/wp-json\/wp\/v2\/categories?post=4132"},{"taxonomy":"post_tag","embeddable":true,"href":"https:\/\/germaniahorstmar.de\/leichtathletik\/wp-json\/wp\/v2\/tags?post=4132"}],"curies":[{"name":"wp","href":"https:\/\/api.w.org\/{rel}","templated":true}]}}