{"id":4156,"date":"2026-02-15T12:18:15","date_gmt":"2026-02-15T11:18:15","guid":{"rendered":"https:\/\/germaniahorstmar.de\/leichtathletik\/?p=4156"},"modified":"2026-02-28T12:22:53","modified_gmt":"2026-02-28T11:22:53","slug":"erfolgreicher-auftritt-bei-den-hallenkreismeisterschaften","status":"publish","type":"post","link":"https:\/\/germaniahorstmar.de\/leichtathletik\/20260215-erfolgreicher-auftritt-bei-den-hallenkreismeisterschaften\/","title":{"rendered":"Erfolgreicher Auftritt bei den Hallenkreismeisterschaften"},"content":{"rendered":"\n<p data-start=\"0\" data-end=\"184\">Bei den Hallenkreismeisterschaften des\u00a0<span class=\"hover:entity-accent entity-underline inline cursor-pointer align-baseline\">Leichtathletikkreis Steinfurt<\/span>\u00a0waren auch zahlreiche Nachwuchsathletinnen und -athleten aus Horstmar am Start \u2013 und das mit gro\u00dfem Erfolg.<\/p>\n<p data-start=\"186\" data-end=\"540\">In der Altersklasse W11 kn\u00fcpfte Marit Schwersmann an ihre starken Leistungen aus dem Vorjahr an. Der jungen Athletin gelang es, ihren Kreismeistertitel im Hochsprung erfolgreich zu verteidigen. Mit \u00fcbersprungenen 1,17 Metern sicherte sich die Horstmarerin erneut Platz eins und bewies damit eindrucksvoll ihre Konstanz und ihr Talent in dieser Disziplin.<\/p>\n<p data-start=\"542\" data-end=\"840\">Eine besondere Situation ergab sich f\u00fcr die \u00e4lteren Sportlerinnen und Sportler: Nachdem sich die Leichtathleten des\u00a0<span class=\"hover:entity-accent entity-underline inline cursor-pointer align-baseline\">TuS Germania 2025 Horstmar<\/span>\u00a0der\u00a0<span class=\"hover:entity-accent entity-underline inline cursor-pointer align-baseline\">LG Brillux M\u00fcnster<\/span>\u00a0angeschlossen hatten, d\u00fcrfen sie bei den Kreismeisterschaften nur noch au\u00dferhalb der Wertung starten.<\/p>\n<p data-start=\"842\" data-end=\"1366\">Diese Regelung hielt Fiete Schwersmann, Jonte Samberg und Frederick Waterhoff (alle M14) jedoch nicht davon ab, mit starken Leistungen auf sich aufmerksam zu machen. Frederick und Fiete \u00fcbersprangen im Weitsprung erstmals die Vier-Meter-Marke \u2013 ein bedeutender Meilenstein in ihrer noch jungen Laufbahn. Fiete kam auf hervorragende 4,19 Meter und h\u00e4tte mit dieser Weite den Kreismeistertitel in seiner Altersklasse gewonnen. Auch Frederick \u00fcberzeugte: Im 60-Meter-H\u00fcrdenlauf h\u00e4tte er mit seiner Leistung ebenfalls ganz oben auf dem Treppchen gestanden.<\/p>\n<p data-start=\"1368\" data-end=\"1560\">Ebenfalls au\u00dferhalb der Wertung gingen Franziska Lenz, Julia Stoyke, Max Wolgast, Michael Reisch und Jakub Zubiak an den Start. Auch sie erzielten gute Ergebnisse und sammelten wertvolle Wettkampferfahrung.<\/p>\n<p data-start=\"1562\" data-end=\"1755\" data-is-last-node=\"\" data-is-only-node=\"\">Insgesamt zeigten die Horstmarer Leichtathletinnen und -athleten bei den Hallenkreismeisterschaften starke Leistungen und unterstrichen einmal mehr die erfolgreiche Nachwuchsarbeit in Horstmar.<\/p>\n","protected":false},"excerpt":{"rendered":"<p>Bei den Hallenkreismeisterschaften des\u00a0Leichtathletikkreis Steinfurt\u00a0waren auch zahlreiche Nachwuchsathletinnen und -athleten aus Horstmar am Start \u2013 und das mit gro\u00dfem Erfolg. In der Altersklasse W11 kn\u00fcpfte Marit Schwersmann an ihre starken Leistungen aus dem Vorjahr an. Der jungen Athletin gelang es, ihren Kreismeistertitel im Hochsprung erfolgreich zu verteidigen. Mit \u00fcbersprungenen 1,17<span class=\"excerpt-hellip\"> [\u2026]<\/span><\/p>\n","protected":false},"author":27,"featured_media":4157,"comment_status":"open","ping_status":"open","sticky":false,"template":"","format":"standard","meta":{"footnotes":""},"categories":[73],"tags":[],"class_list":["post-4156","post","type-post","status-publish","format-standard","has-post-thumbnail","hentry","category-kreismeisterschaften"],"_links":{"self":[{"href":"https:\/\/germaniahorstmar.de\/leichtathletik\/wp-json\/wp\/v2\/posts\/4156","targetHints":{"allow":["GET"]}}],"collection":[{"href":"https:\/\/germaniahorstmar.de\/leichtathletik\/wp-json\/wp\/v2\/posts"}],"about":[{"href":"https:\/\/germaniahorstmar.de\/leichtathletik\/wp-json\/wp\/v2\/types\/post"}],"author":[{"embeddable":true,"href":"https:\/\/germaniahorstmar.de\/leichtathletik\/wp-json\/wp\/v2\/users\/27"}],"replies":[{"embeddable":true,"href":"https:\/\/germaniahorstmar.de\/leichtathletik\/wp-json\/wp\/v2\/comments?post=4156"}],"version-history":[{"count":1,"href":"https:\/\/germaniahorstmar.de\/leichtathletik\/wp-json\/wp\/v2\/posts\/4156\/revisions"}],"predecessor-version":[{"id":4158,"href":"https:\/\/germaniahorstmar.de\/leichtathletik\/wp-json\/wp\/v2\/posts\/4156\/revisions\/4158"}],"wp:featuredmedia":[{"embeddable":true,"href":"https:\/\/germaniahorstmar.de\/leichtathletik\/wp-json\/wp\/v2\/media\/4157"}],"wp:attachment":[{"href":"https:\/\/germaniahorstmar.de\/leichtathletik\/wp-json\/wp\/v2\/media?parent=4156"}],"wp:term":[{"taxonomy":"category","embeddable":true,"href":"https:\/\/germaniahorstmar.de\/leichtathletik\/wp-json\/wp\/v2\/categories?post=4156"},{"taxonomy":"post_tag","embeddable":true,"href":"https:\/\/germaniahorstmar.de\/leichtathletik\/wp-json\/wp\/v2\/tags?post=4156"}],"curies":[{"name":"wp","href":"https:\/\/api.w.org\/{rel}","templated":true}]}}