{"id":473,"date":"2016-04-11T14:11:53","date_gmt":"2016-04-11T12:11:53","guid":{"rendered":"http:\/\/test.tus-germania-horstmar.de\/wordpress\/?p=473"},"modified":"2016-12-20T21:19:21","modified_gmt":"2016-12-20T20:19:21","slug":"malin-pommerening-siegt-beim-6-edeka-laeuferabend","status":"publish","type":"post","link":"https:\/\/germaniahorstmar.de\/leichtathletik\/20160411-malin-pommerening-siegt-beim-6-edeka-laeuferabend\/","title":{"rendered":"Malin Pommerening siegt beim 6. Edeka L\u00e4uferabend"},"content":{"rendered":"<p>Beim 6. Edeka L\u00e4uferabend der LG Rheine-Elte konnte Malin Pommerening in der Altersklasse w11 \u00fcber die 800m den ersten Platz erlaufen.<!--more--> In einer Zeit von 2:48,85 min blieb sie zwar knapp \u00fcber ihrer Bestleistung, konnte ihrer Konkurrenz aber mit \u00fcber 10 Sekunden! davon laufen.<\/p>\n<p>&#8222;F\u00fcr den ersten Lauf der Saison hat Malin eine hervorragende Leistung erbracht. Das l\u00e4sst auf mehr hoffen!&#8220;, freute sich auch Trainern Fenja Gude.<br \/>\nAm kommenden Samstag (16.0<span class=\"text_exposed_show\">4) startet Malin bei den u.g. Kreismeisterschaften \u00fcber die 2000m. Mit ihr starten noch weitere acht Horstmarer Athleten.<br \/>\nUnsere Daumen sind gedr\u00fcckt!<\/span><\/p>\n","protected":false},"excerpt":{"rendered":"<p>Beim 6. Edeka L\u00e4uferabend der LG Rheine-Elte konnte Malin Pommerening in der Altersklasse w11 \u00fcber die 800m den ersten Platz erlaufen.<\/p>\n","protected":false},"author":2,"featured_media":474,"comment_status":"open","ping_status":"open","sticky":false,"template":"","format":"image","meta":{"footnotes":""},"categories":[2],"tags":[19],"class_list":["post-473","post","type-post","status-publish","format-image","has-post-thumbnail","hentry","category-wettkaempfe","tag-malin-pommerening","post_format-post-format-image"],"_links":{"self":[{"href":"https:\/\/germaniahorstmar.de\/leichtathletik\/wp-json\/wp\/v2\/posts\/473","targetHints":{"allow":["GET"]}}],"collection":[{"href":"https:\/\/germaniahorstmar.de\/leichtathletik\/wp-json\/wp\/v2\/posts"}],"about":[{"href":"https:\/\/germaniahorstmar.de\/leichtathletik\/wp-json\/wp\/v2\/types\/post"}],"author":[{"embeddable":true,"href":"https:\/\/germaniahorstmar.de\/leichtathletik\/wp-json\/wp\/v2\/users\/2"}],"replies":[{"embeddable":true,"href":"https:\/\/germaniahorstmar.de\/leichtathletik\/wp-json\/wp\/v2\/comments?post=473"}],"version-history":[{"count":1,"href":"https:\/\/germaniahorstmar.de\/leichtathletik\/wp-json\/wp\/v2\/posts\/473\/revisions"}],"predecessor-version":[{"id":1160,"href":"https:\/\/germaniahorstmar.de\/leichtathletik\/wp-json\/wp\/v2\/posts\/473\/revisions\/1160"}],"wp:featuredmedia":[{"embeddable":true,"href":"https:\/\/germaniahorstmar.de\/leichtathletik\/wp-json\/wp\/v2\/media\/474"}],"wp:attachment":[{"href":"https:\/\/germaniahorstmar.de\/leichtathletik\/wp-json\/wp\/v2\/media?parent=473"}],"wp:term":[{"taxonomy":"category","embeddable":true,"href":"https:\/\/germaniahorstmar.de\/leichtathletik\/wp-json\/wp\/v2\/categories?post=473"},{"taxonomy":"post_tag","embeddable":true,"href":"https:\/\/germaniahorstmar.de\/leichtathletik\/wp-json\/wp\/v2\/tags?post=473"}],"curies":[{"name":"wp","href":"https:\/\/api.w.org\/{rel}","templated":true}]}}